{"id":134,"date":"2024-08-06T11:20:51","date_gmt":"2024-08-06T14:20:51","guid":{"rendered":"https:\/\/raquelpsicologa.com.br\/blogwp\/?p=134"},"modified":"2024-08-06T11:26:37","modified_gmt":"2024-08-06T14:26:37","slug":"o-dia-dos-pais-na-vida-das-imigrantes-uma-conversa-sobre-saudades-luto-e-relacoes-complexas","status":"publish","type":"post","link":"https:\/\/raquelpsicologa.com.br\/blogwp\/o-dia-dos-pais-na-vida-das-imigrantes-uma-conversa-sobre-saudades-luto-e-relacoes-complexas\/","title":{"rendered":"O Dia dos Pais na vida das imigrantes: uma conversa sobre saudades, luto e rela\u00e7\u00f5es complexas"},"content":{"rendered":"\n<figure class=\"wp-block-image size-large is-resized is-style-rounded\"><img loading=\"lazy\" decoding=\"async\" width=\"683\" height=\"1024\" src=\"https:\/\/raquelpsicologa.com.br\/blogwp\/wp-content\/uploads\/2024\/08\/foto-1-1-683x1024.jpg\" alt=\"\" class=\"wp-image-135\" style=\"width:484px;height:auto\" srcset=\"https:\/\/raquelpsicologa.com.br\/blogwp\/wp-content\/uploads\/2024\/08\/foto-1-1-683x1024.jpg 683w, https:\/\/raquelpsicologa.com.br\/blogwp\/wp-content\/uploads\/2024\/08\/foto-1-1-200x300.jpg 200w, https:\/\/raquelpsicologa.com.br\/blogwp\/wp-content\/uploads\/2024\/08\/foto-1-1-768x1152.jpg 768w, https:\/\/raquelpsicologa.com.br\/blogwp\/wp-content\/uploads\/2024\/08\/foto-1-1-1024x1536.jpg 1024w, https:\/\/raquelpsicologa.com.br\/blogwp\/wp-content\/uploads\/2024\/08\/foto-1-1-1365x2048.jpg 1365w, https:\/\/raquelpsicologa.com.br\/blogwp\/wp-content\/uploads\/2024\/08\/foto-1-1-1200x1800.jpg 1200w, https:\/\/raquelpsicologa.com.br\/blogwp\/wp-content\/uploads\/2024\/08\/foto-1-1-1980x2970.jpg 1980w, https:\/\/raquelpsicologa.com.br\/blogwp\/wp-content\/uploads\/2024\/08\/foto-1-1-scaled.jpg 1707w\" sizes=\"auto, (max-width: 683px) 100vw, 683px\" \/><figcaption class=\"wp-element-caption\">Nem sempre a rela\u00e7\u00e3o com nosso pai \u00e9 perfeita e imaculada, como a sociedade espera.<\/figcaption><\/figure>\n\n\n\n<p class=\"wp-block-paragraph\">O Dia dos Pais sempre traz \u00e0 tona um turbilh\u00e3o de emo\u00e7\u00f5es, especialmente para aquelas brasileiras que vivem longe de casa. \u00c9 um dia em que, mais do que nunca, nos pegamos refletindo sobre a rela\u00e7\u00e3o com nossos pais e como a dist\u00e2ncia, a perda ou as dificuldades no relacionamento afetam essa din\u00e2mica.<\/p>\n\n\n\n<h4 class=\"wp-block-heading\"><strong>A saudade de um pai distante<\/strong><\/h4>\n\n\n\n<p class=\"wp-block-paragraph\">Para muitas de n\u00f3s, imigrantes brasileiras, o Dia dos Pais pode ser especialmente dif\u00edcil. A saudade aperta mais forte quando lembramos das celebra\u00e7\u00f5es em fam\u00edlia, das pessoas queridas reunidas e das conversas ao redor da mesa. A dist\u00e2ncia f\u00edsica torna-se uma barreira dolorosa que parece crescer ainda mais nesse dia.<\/p>\n\n\n\n<p class=\"wp-block-paragraph\">Quando estamos longe, as chamadas de v\u00eddeo sempre ajudam, e o bom dos avan\u00e7os da tecnologia \u00e9 que hoje em dia \u00e9 poss\u00edvel ver e falar com nosso pai v\u00e1rias vezes no mesmo dia. Mas nem tudo \u00e9 perfeito, pois nada substitui o contato f\u00edsico, aquele abra\u00e7o apertado que s\u00f3 ele sabe dar. Voc\u00ea sabe como \u00e9 isso: \u00e0s vezes, a saudade \u00e9 t\u00e3o grande que parece que vamos explodir. E quando isso acontece, uma sugest\u00e3o \u00e9 encontrar consolo nas pequenas coisas: uma foto antiga, uma lembran\u00e7a especial ou mesmo escrever uma carta para ele, ainda que voc\u00ea se decida por n\u00e3o enviar.<\/p>\n\n\n\n<h4 class=\"wp-block-heading\"><strong>Lidando com a perda<\/strong><\/h4>\n\n\n\n<p class=\"wp-block-paragraph\">Para aquelas cujo pai j\u00e1 n\u00e3o est\u00e1 mais conosco, o Dia dos Pais \u00e9 uma lembran\u00e7a constante do vazio deixado pela sua partida. Para algumas pessoas, a perda \u00e9 uma dor que nunca desaparece completamente. Ela se transforma, \u00e0s vezes adormece, mas acorda com for\u00e7a total em dias como esse.<\/p>\n\n\n\n<p class=\"wp-block-paragraph\">Conversar com amigas que passaram pela mesma experi\u00eancia pode trazer algum conforto. \u00c0s vezes, compartilhar hist\u00f3rias, mem\u00f3rias e at\u00e9 mesmo l\u00e1grimas ajuda a aliviar o peso do luto. Escrever sobre seu pai, sobre o que ele significa para voc\u00ea, \u00e9 uma maneira de mant\u00ea-lo presente na sua vida. No meu caso, sei que ele era orgulhoso de mim, da coragem que tive ao me aventurar pelas terras de seu pai, na Espanha. E mesmo que ele n\u00e3o esteja aqui fisicamente, sinto sua presen\u00e7a em cada passo que dou.<\/p>\n\n\n\n<figure class=\"wp-block-image size-large is-style-rounded\"><img loading=\"lazy\" decoding=\"async\" width=\"1024\" height=\"683\" src=\"https:\/\/raquelpsicologa.com.br\/blogwp\/wp-content\/uploads\/2024\/08\/foto-3-1-1024x683.jpg\" alt=\"\" class=\"wp-image-136\" srcset=\"https:\/\/raquelpsicologa.com.br\/blogwp\/wp-content\/uploads\/2024\/08\/foto-3-1-1024x683.jpg 1024w, https:\/\/raquelpsicologa.com.br\/blogwp\/wp-content\/uploads\/2024\/08\/foto-3-1-300x200.jpg 300w, https:\/\/raquelpsicologa.com.br\/blogwp\/wp-content\/uploads\/2024\/08\/foto-3-1-768x512.jpg 768w, https:\/\/raquelpsicologa.com.br\/blogwp\/wp-content\/uploads\/2024\/08\/foto-3-1-1536x1024.jpg 1536w, https:\/\/raquelpsicologa.com.br\/blogwp\/wp-content\/uploads\/2024\/08\/foto-3-1-2048x1365.jpg 2048w, https:\/\/raquelpsicologa.com.br\/blogwp\/wp-content\/uploads\/2024\/08\/foto-3-1-1200x800.jpg 1200w, https:\/\/raquelpsicologa.com.br\/blogwp\/wp-content\/uploads\/2024\/08\/foto-3-1-1980x1320.jpg 1980w\" sizes=\"auto, (max-width: 1024px) 100vw, 1024px\" \/><figcaption class=\"wp-element-caption\">Existe um misto de emo\u00e7\u00f5es em rela\u00e7\u00e3o aos nossos pais, independente da rela\u00e7\u00e3o que constru\u00edmos com eles.<\/figcaption><\/figure>\n\n\n\n<h4 class=\"wp-block-heading\"><strong>Rela\u00e7\u00f5es complexas<\/strong><\/h4>\n\n\n\n<p class=\"wp-block-paragraph\">Nem todas n\u00f3s tivemos ou temos uma rela\u00e7\u00e3o f\u00e1cil com nossos pais. Para algumas, o dia dos pais \u00e9 um lembrete das feridas e das m\u00e1goas que ainda n\u00e3o cicatrizaram. \u00c9 dif\u00edcil transitar por esses sentimentos contradit\u00f3rios, onde o amor e a dor se misturam.<\/p>\n\n\n\n<p class=\"wp-block-paragraph\">Quando penso nas amigas que t\u00eam rela\u00e7\u00f5es dif\u00edceis com seus pais, vejo o quanto \u00e9 importante reconhecer e validar esses sentimentos. N\u00e3o precisamos nos for\u00e7ar a celebrar ou a seguir conven\u00e7\u00f5es sociais que n\u00e3o fazem sentido para n\u00f3s. Faz parte da vida sentir raiva, tristeza, ou mesmo indiferen\u00e7a. O importante \u00e9 encontrar uma forma de cuidar de n\u00f3s mesmas, seja buscando apoio de amigos, falando com uma psic\u00f3loga ou simplesmente dando um tempo para respirar e refletir.<\/p>\n\n\n\n<h4 class=\"wp-block-heading\"><strong>A rede de apoio<\/strong><\/h4>\n\n\n\n<p class=\"wp-block-paragraph\">O que realmente faz diferen\u00e7a \u00e9 ter uma rede de apoio s\u00f3lida. Ter amigas que entendem o que estamos passando, que nos oferecem um ombro amigo e que nos lembram que n\u00e3o estamos sozinhas nessa jornada. Essas conex\u00f5es s\u00e3o um al\u00edvio e uma fonte de for\u00e7a.<\/p>\n\n\n\n<p class=\"wp-block-paragraph\">Conversas sinceras com pessoas que amamos podem trazer uma perspectiva nova e, muitas vezes, a sensa\u00e7\u00e3o de que estamos todas juntas nisso. \u00c0s vezes, um simples &#8220;eu te entendo&#8221; faz toda a diferen\u00e7a. E, claro, criar novas tradi\u00e7\u00f5es e rituais com nossos amigos e a fam\u00edlia escolhida pode transformar um dia potencialmente triste em um momento de conex\u00e3o e alegria.<\/p>\n\n\n\n<h4 class=\"wp-block-heading\"><strong>Palavras finais<\/strong><\/h4>\n\n\n\n<p class=\"wp-block-paragraph\">O Dia dos Pais para n\u00f3s, imigrantes, pode ser uma montanha-russa de emo\u00e7\u00f5es. Seja pela saudade, pela perda ou por rela\u00e7\u00f5es complicadas, cada uma de n\u00f3s enfrenta desafios que s\u00e3o s\u00f3 nossos. Mas ao conversarmos sobre isso, ao partilharmos nossas hist\u00f3rias e ao apoiarmos umas \u00e0s outras, encontramos maneiras de navegar por essas \u00e1guas turbulentas.<\/p>\n\n\n\n<p class=\"wp-block-paragraph\">Lembre-se de que n\u00e3o existe uma forma certa ou errada de sentir ou de lidar com esse dia ou com seus sentimentos. O importante \u00e9 encontrar aquilo que te traz conforto e paz, e saber que, mesmo \u00e0 dist\u00e2ncia, as conex\u00f5es que fazemos s\u00e3o importantes alicerces de amor e apoio.<\/p>\n\n\n\n<p class=\"has-large-font-size wp-block-paragraph\"><strong>E voc\u00ea? Costuma se sensibilizar com os segundos domingos de agosto, mesmo estando longe do Brasil?<\/strong><\/p>\n","protected":false},"excerpt":{"rendered":"<p>O Dia dos Pais sempre traz \u00e0 tona um turbilh\u00e3o de emo\u00e7\u00f5es, especialmente para aquelas brasileiras que vivem longe de casa. \u00c9 um dia em que, mais do que nunca, nos pegamos refletindo sobre a rela\u00e7\u00e3o com nossos pais e como a dist\u00e2ncia, a perda ou as dificuldades no relacionamento afetam essa din\u00e2mica. A saudade [&hellip;]<\/p>\n","protected":false},"author":2,"featured_media":0,"comment_status":"open","ping_status":"open","sticky":false,"template":"","format":"standard","meta":{"footnotes":""},"categories":[50],"tags":[54,53,51],"class_list":["post-134","post","type-post","status-publish","format-standard","hentry","category-familia","tag-morando-fora","tag-saudades","tag-sentimentos"],"_links":{"self":[{"href":"https:\/\/raquelpsicologa.com.br\/blogwp\/wp-json\/wp\/v2\/posts\/134","targetHints":{"allow":["GET"]}}],"collection":[{"href":"https:\/\/raquelpsicologa.com.br\/blogwp\/wp-json\/wp\/v2\/posts"}],"about":[{"href":"https:\/\/raquelpsicologa.com.br\/blogwp\/wp-json\/wp\/v2\/types\/post"}],"author":[{"embeddable":true,"href":"https:\/\/raquelpsicologa.com.br\/blogwp\/wp-json\/wp\/v2\/users\/2"}],"replies":[{"embeddable":true,"href":"https:\/\/raquelpsicologa.com.br\/blogwp\/wp-json\/wp\/v2\/comments?post=134"}],"version-history":[{"count":3,"href":"https:\/\/raquelpsicologa.com.br\/blogwp\/wp-json\/wp\/v2\/posts\/134\/revisions"}],"predecessor-version":[{"id":142,"href":"https:\/\/raquelpsicologa.com.br\/blogwp\/wp-json\/wp\/v2\/posts\/134\/revisions\/142"}],"wp:attachment":[{"href":"https:\/\/raquelpsicologa.com.br\/blogwp\/wp-json\/wp\/v2\/media?parent=134"}],"wp:term":[{"taxonomy":"category","embeddable":true,"href":"https:\/\/raquelpsicologa.com.br\/blogwp\/wp-json\/wp\/v2\/categories?post=134"},{"taxonomy":"post_tag","embeddable":true,"href":"https:\/\/raquelpsicologa.com.br\/blogwp\/wp-json\/wp\/v2\/tags?post=134"}],"curies":[{"name":"wp","href":"https:\/\/api.w.org\/{rel}","templated":true}]}}