{"id":157,"date":"2025-04-21T14:55:10","date_gmt":"2025-04-21T17:55:10","guid":{"rendered":"https:\/\/raquelpsicologa.com.br\/blogwp\/?p=157"},"modified":"2025-04-21T14:55:10","modified_gmt":"2025-04-21T17:55:10","slug":"voltar-ou-ficar-o-dilema-de-tantas-brasileiras-imigrantes-na-europa","status":"publish","type":"post","link":"https:\/\/raquelpsicologa.com.br\/blogwp\/voltar-ou-ficar-o-dilema-de-tantas-brasileiras-imigrantes-na-europa\/","title":{"rendered":"Voltar ou ficar? O dilema de tantas brasileiras imigrantes na Europa"},"content":{"rendered":"\n<p class=\"wp-block-paragraph\"><\/p>\n\n\n\n<figure class=\"wp-block-gallery has-nested-images columns-default is-cropped wp-block-gallery-1 is-layout-flex wp-block-gallery-is-layout-flex\">\n<figure class=\"wp-block-image size-large\"><img loading=\"lazy\" decoding=\"async\" width=\"1024\" height=\"1024\" data-id=\"163\" src=\"https:\/\/raquelpsicologa.com.br\/blogwp\/wp-content\/uploads\/2025\/04\/pexels-carolina-basi-2450719-13537569-2-1024x1024.jpg\" alt=\"\" class=\"wp-image-163\" srcset=\"https:\/\/raquelpsicologa.com.br\/blogwp\/wp-content\/uploads\/2025\/04\/pexels-carolina-basi-2450719-13537569-2-1024x1024.jpg 1024w, https:\/\/raquelpsicologa.com.br\/blogwp\/wp-content\/uploads\/2025\/04\/pexels-carolina-basi-2450719-13537569-2-300x300.jpg 300w, https:\/\/raquelpsicologa.com.br\/blogwp\/wp-content\/uploads\/2025\/04\/pexels-carolina-basi-2450719-13537569-2-150x150.jpg 150w, https:\/\/raquelpsicologa.com.br\/blogwp\/wp-content\/uploads\/2025\/04\/pexels-carolina-basi-2450719-13537569-2-768x768.jpg 768w, https:\/\/raquelpsicologa.com.br\/blogwp\/wp-content\/uploads\/2025\/04\/pexels-carolina-basi-2450719-13537569-2-1536x1536.jpg 1536w, https:\/\/raquelpsicologa.com.br\/blogwp\/wp-content\/uploads\/2025\/04\/pexels-carolina-basi-2450719-13537569-2-2048x2048.jpg 2048w, https:\/\/raquelpsicologa.com.br\/blogwp\/wp-content\/uploads\/2025\/04\/pexels-carolina-basi-2450719-13537569-2-1200x1200.jpg 1200w, https:\/\/raquelpsicologa.com.br\/blogwp\/wp-content\/uploads\/2025\/04\/pexels-carolina-basi-2450719-13537569-2-1980x1980.jpg 1980w\" sizes=\"auto, (max-width: 1024px) 100vw, 1024px\" \/><figcaption class=\"wp-element-caption\">Toda imigrante j\u00e1 pensou pelo menos uma vez em voltar para o Brasil. E voc\u00ea?<\/figcaption><\/figure>\n<\/figure>\n\n\n\n<p class=\"wp-block-paragraph\">Decidir voltar para o Brasil ou permanecer na Europa \u00e9, talvez, uma das quest\u00f5es mais \u00edntimas, dolorosas e solit\u00e1rias que uma imigrante pode viver. Essa d\u00favida n\u00e3o nasce de um dia para o outro \u2014 ela vai se formando aos poucos, no sil\u00eancio das noites em que o travesseiro se torna confidente. Ela aparece na saudade da comida feita pela m\u00e3e, no vazio das celebra\u00e7\u00f5es distantes, nas tentativas de pertencer a um lugar onde a gente sempre parece um pouco de fora.<\/p>\n\n\n\n<p class=\"wp-block-paragraph\">Se voc\u00ea est\u00e1 passando por esse momento de indecis\u00e3o, quero te convidar a fazer uma pausa comigo agora. Vamos conversar com calma. Sem pressa, sem julgamentos, sem f\u00f3rmulas prontas. Apenas com presen\u00e7a e escuta.<\/p>\n\n\n\n<p class=\"wp-block-paragraph\"><\/p>\n\n\n\n<p class=\"wp-block-paragraph\"><strong><mark style=\"background-color:rgba(0, 0, 0, 0)\" class=\"has-inline-color has-accent-color\">Quando a saudade grita mais alto<\/mark><\/strong><\/p>\n\n\n\n<p class=\"wp-block-paragraph\">A saudade n\u00e3o \u00e9 s\u00f3 um sentimento. Para muitas mulheres migrantes, ela se manifesta no corpo: na ansiedade que aperta o peito, na ang\u00fastia que tira o sono, na tristeza que aparece mesmo quando a vida parece estar \u201cindo bem\u201d. \u00c9 um vazio dif\u00edcil de explicar para quem nunca saiu do seu pa\u00eds.<\/p>\n\n\n\n<p class=\"wp-block-paragraph\">Segundo Joseba Achotegui, psiquiatra espanhol que estuda os efeitos psicol\u00f3gicos da migra\u00e7\u00e3o, o luto migrat\u00f3rio \u00e9 um processo complexo que envolve perdas m\u00faltiplas: da l\u00edngua, da cultura, dos v\u00ednculos sociais, do status profissional e at\u00e9 da pr\u00f3pria identidade. A saudade, nesse contexto, n\u00e3o \u00e9 um capricho \u2014 ela \u00e9 parte leg\u00edtima de um processo emocional profundo.<\/p>\n\n\n\n<p class=\"wp-block-paragraph\">Voltar ao Brasil, muitas vezes, parece ser a \u00fanica forma de aliviar essa dor. Mas ser\u00e1 que \u00e9 mesmo o retorno que vai cur\u00e1-la? Ou ser\u00e1 que o que voc\u00ea precisa \u00e9 se escutar com mais profundidade, com menos julgamento e com mais compaix\u00e3o?<\/p>\n\n\n\n<p class=\"wp-block-paragraph\"><\/p>\n\n\n\n<p class=\"wp-block-paragraph\"><strong><mark style=\"background-color:rgba(0, 0, 0, 0)\" class=\"has-inline-color has-accent-color\">Informar-se com equil\u00edbrio \u00e9 essencial<\/mark><\/strong><\/p>\n\n\n\n<p class=\"wp-block-paragraph\">Ficar pode ser um ato de coragem. Mas tamb\u00e9m pode ser exaustivo. Em especial quando as dificuldades parecem se repetir: barreiras lingu\u00edsticas, isolamento, trabalho abaixo da sua qualifica\u00e7\u00e3o, preconceito, burocracias infinitas e uma constante sensa\u00e7\u00e3o de n\u00e3o pertencimento.<\/p>\n\n\n\n<p class=\"wp-block-paragraph\">Ainda assim, \u00e9 importante lembrar que as dificuldades fazem parte da fase de adapta\u00e7\u00e3o \u2014 e que adapta\u00e7\u00e3o \u00e9 um processo, n\u00e3o um destino. John W. Berry, psic\u00f3logo canadense que estudou profundamente a adapta\u00e7\u00e3o intercultural, mostrou que, com o tempo e o suporte certo, \u00e9 poss\u00edvel desenvolver estrat\u00e9gias para integrar-se \u00e0 nova cultura sem perder sua pr\u00f3pria cultura.<\/p>\n\n\n\n<p class=\"wp-block-paragraph\">Mas isso exige tempo, suporte emocional e um olhar cuidadoso para si mesma. Permanecer n\u00e3o precisa ser um ato solit\u00e1rio. Voc\u00ea n\u00e3o precisa \u201cdar conta de tudo\u201d sozinha. Talvez esse seja justamente o momento de pedir ajuda.<\/p>\n\n\n\n<p class=\"wp-block-paragraph\"><\/p>\n\n\n\n<p class=\"wp-block-paragraph\"><strong><mark style=\"background-color:rgba(0, 0, 0, 0)\" class=\"has-inline-color has-accent-color\">E se o problema n\u00e3o for o pa\u00eds, mas o cansa\u00e7o acumulado?<\/mark><\/strong><\/p>\n\n\n\n<p class=\"wp-block-paragraph\">Muitas mulheres acreditam que voltar ao Brasil resolver\u00e1 todos os seus inc\u00f4modos. Mas \u00e0s vezes o que est\u00e1 pesando n\u00e3o \u00e9 o pa\u00eds onde vivem, e sim o ac\u00famulo de experi\u00eancias n\u00e3o elaboradas: frustra\u00e7\u00f5es engolidas, lutos n\u00e3o vividos, press\u00f5es internas e externas que n\u00e3o deram espa\u00e7o para que suas emo\u00e7\u00f5es fossem escutadas.<\/p>\n\n\n\n<p class=\"wp-block-paragraph\">Quando voc\u00ea se pergunta se deve voltar ou ficar, talvez a pergunta mais importante seja:<br><strong>\u201cO que eu realmente preciso agora?\u201d<\/strong><\/p>\n\n\n\n<p class=\"wp-block-paragraph\">Voc\u00ea precisa de descanso? De pertencimento? De reconhecimento? De uma nova rede de apoio? De reconstruir sua autoestima? De voltar a sonhar?<\/p>\n\n\n\n<p class=\"wp-block-paragraph\">Voltar ao Brasil pode ser, sim, uma escolha leg\u00edtima e digna. Mas tamb\u00e9m pode ser uma fuga do que precisa ser olhado com mais profundidade.<\/p>\n\n\n\n<figure class=\"wp-block-gallery has-nested-images columns-default is-cropped wp-block-gallery-2 is-layout-flex wp-block-gallery-is-layout-flex\">\n<figure class=\"wp-block-image size-large\"><img loading=\"lazy\" decoding=\"async\" width=\"683\" height=\"1024\" data-id=\"159\" src=\"https:\/\/raquelpsicologa.com.br\/blogwp\/wp-content\/uploads\/2025\/04\/pexels-cottonbro-6552590-683x1024.jpg\" alt=\"\" class=\"wp-image-159\" srcset=\"https:\/\/raquelpsicologa.com.br\/blogwp\/wp-content\/uploads\/2025\/04\/pexels-cottonbro-6552590-683x1024.jpg 683w, https:\/\/raquelpsicologa.com.br\/blogwp\/wp-content\/uploads\/2025\/04\/pexels-cottonbro-6552590-200x300.jpg 200w, https:\/\/raquelpsicologa.com.br\/blogwp\/wp-content\/uploads\/2025\/04\/pexels-cottonbro-6552590-768x1152.jpg 768w, https:\/\/raquelpsicologa.com.br\/blogwp\/wp-content\/uploads\/2025\/04\/pexels-cottonbro-6552590-1024x1536.jpg 1024w, https:\/\/raquelpsicologa.com.br\/blogwp\/wp-content\/uploads\/2025\/04\/pexels-cottonbro-6552590-1365x2048.jpg 1365w, https:\/\/raquelpsicologa.com.br\/blogwp\/wp-content\/uploads\/2025\/04\/pexels-cottonbro-6552590-1200x1800.jpg 1200w, https:\/\/raquelpsicologa.com.br\/blogwp\/wp-content\/uploads\/2025\/04\/pexels-cottonbro-6552590-1980x2970.jpg 1980w, https:\/\/raquelpsicologa.com.br\/blogwp\/wp-content\/uploads\/2025\/04\/pexels-cottonbro-6552590-scaled.jpg 1707w\" sizes=\"auto, (max-width: 683px) 100vw, 683px\" \/><figcaption class=\"wp-element-caption\">Colocar mais cobran\u00e7as sobre voc\u00ea e suas decis\u00f5es n\u00e3o ajuda e s\u00f3 traz sofrimento.<\/figcaption><\/figure>\n<\/figure>\n\n\n\n<p class=\"wp-block-paragraph\"><\/p>\n\n\n\n<p class=\"wp-block-paragraph\"><strong><mark style=\"background-color:rgba(0, 0, 0, 0)\" class=\"has-inline-color has-accent-color\">N\u00e3o se cobre por querer desistir. Mas tamb\u00e9m n\u00e3o decida de cabe\u00e7a quente.<\/mark><\/strong><\/p>\n\n\n\n<p class=\"wp-block-paragraph\">A migra\u00e7\u00e3o, por mais desejada que tenha sido, n\u00e3o \u00e9 um processo linear. Ela tem altos e baixos. Tem dias em que voc\u00ea se sente uma gigante por estar vencendo tantos obst\u00e1culos. E tem dias em que tudo o que voc\u00ea queria era estar no colo da sua m\u00e3e. Isso n\u00e3o significa que voc\u00ea est\u00e1 fracassando. Significa apenas que voc\u00ea \u00e9 humana.<\/p>\n\n\n\n<p class=\"wp-block-paragraph\">Se voc\u00ea est\u00e1 pensando em voltar, tente n\u00e3o tomar essa decis\u00e3o no auge da dor. Decidir no momento da exaust\u00e3o pode te levar a caminhos que voc\u00ea n\u00e3o deseja de verdade. Permita-se tempo para pensar, sentir, conversar com pessoas de confian\u00e7a e buscar apoio psicol\u00f3gico.<\/p>\n\n\n\n<p class=\"wp-block-paragraph\"><\/p>\n\n\n\n<p class=\"wp-block-paragraph\"><strong><mark style=\"background-color:rgba(0, 0, 0, 0)\" class=\"has-inline-color has-accent-color\">O retorno ao Brasil pode ser o recome\u00e7o. Mas tamb\u00e9m exige prepara\u00e7\u00e3o.<\/mark><\/strong><\/p>\n\n\n\n<p class=\"wp-block-paragraph\">Se, depois de refletir profundamente, voc\u00ea entender que voltar \u00e9 o melhor para voc\u00ea, saiba que isso tamb\u00e9m exigir\u00e1 planejamento e adapta\u00e7\u00e3o. O retorno migrat\u00f3rio, segundo diversos estudos, tamb\u00e9m pode causar choque cultural, frustra\u00e7\u00e3o e sensa\u00e7\u00e3o de deslocamento.<\/p>\n\n\n\n<p class=\"wp-block-paragraph\">Voc\u00ea n\u00e3o ser\u00e1 a mesma que partiu. E o Brasil tamb\u00e9m n\u00e3o ser\u00e1 mais o mesmo. Por isso, independentemente da sua decis\u00e3o, cuide da sua sa\u00fade mental. Acolha suas emo\u00e7\u00f5es com gentileza.<\/p>\n\n\n\n<p class=\"wp-block-paragraph\"><\/p>\n\n\n\n<p class=\"wp-block-paragraph\"><strong><mark style=\"background-color:rgba(0, 0, 0, 0)\" class=\"has-inline-color has-accent-color\">Voc\u00ea n\u00e3o precisa ter todas as respostas agora<\/mark><\/strong><\/p>\n\n\n\n<p class=\"wp-block-paragraph\">Se posso te dizer algo como psic\u00f3loga intercultural, \u00e9: n\u00e3o existe resposta certa ou errada. Existe o que faz sentido para voc\u00ea <strong>hoje<\/strong> \u2014  com o que voc\u00ea sente, com o que voc\u00ea tem, com o que voc\u00ea pode.<\/p>\n\n\n\n<p class=\"wp-block-paragraph\">E, \u00e0s vezes, a decis\u00e3o mais importante n\u00e3o \u00e9 escolher entre voltar ou ficar. Mas escolher n\u00e3o se abandonar no meio do caminho.<\/p>\n\n\n\n<p class=\"wp-block-paragraph\"><\/p>\n\n\n\n<p class=\"wp-block-paragraph\"><\/p>\n\n\n\n<p class=\"wp-block-paragraph\"><\/p>\n\n\n\n<p class=\"wp-block-paragraph\"><\/p>\n","protected":false},"excerpt":{"rendered":"<p>Decidir voltar para o Brasil ou permanecer na Europa \u00e9, talvez, uma das quest\u00f5es mais \u00edntimas, dolorosas e solit\u00e1rias que uma imigrante pode viver. Essa d\u00favida n\u00e3o nasce de um dia para o outro \u2014 ela vai se formando aos poucos, no sil\u00eancio das noites em que o travesseiro se torna confidente. Ela aparece na [&hellip;]<\/p>\n","protected":false},"author":2,"featured_media":0,"comment_status":"open","ping_status":"open","sticky":false,"template":"","format":"standard","meta":{"footnotes":""},"categories":[60,59,46,61,45],"tags":[62,5,27,54,53,29,51],"class_list":["post-157","post","type-post","status-publish","format-standard","hentry","category-brasil","category-decisoes-dificeis","category-europa","category-saudades","category-saudemental","tag-brasil","tag-europa","tag-imigracao-para-a-europa","tag-morando-fora","tag-saudades","tag-saude-mental","tag-sentimentos"],"_links":{"self":[{"href":"https:\/\/raquelpsicologa.com.br\/blogwp\/wp-json\/wp\/v2\/posts\/157","targetHints":{"allow":["GET"]}}],"collection":[{"href":"https:\/\/raquelpsicologa.com.br\/blogwp\/wp-json\/wp\/v2\/posts"}],"about":[{"href":"https:\/\/raquelpsicologa.com.br\/blogwp\/wp-json\/wp\/v2\/types\/post"}],"author":[{"embeddable":true,"href":"https:\/\/raquelpsicologa.com.br\/blogwp\/wp-json\/wp\/v2\/users\/2"}],"replies":[{"embeddable":true,"href":"https:\/\/raquelpsicologa.com.br\/blogwp\/wp-json\/wp\/v2\/comments?post=157"}],"version-history":[{"count":4,"href":"https:\/\/raquelpsicologa.com.br\/blogwp\/wp-json\/wp\/v2\/posts\/157\/revisions"}],"predecessor-version":[{"id":165,"href":"https:\/\/raquelpsicologa.com.br\/blogwp\/wp-json\/wp\/v2\/posts\/157\/revisions\/165"}],"wp:attachment":[{"href":"https:\/\/raquelpsicologa.com.br\/blogwp\/wp-json\/wp\/v2\/media?parent=157"}],"wp:term":[{"taxonomy":"category","embeddable":true,"href":"https:\/\/raquelpsicologa.com.br\/blogwp\/wp-json\/wp\/v2\/categories?post=157"},{"taxonomy":"post_tag","embeddable":true,"href":"https:\/\/raquelpsicologa.com.br\/blogwp\/wp-json\/wp\/v2\/tags?post=157"}],"curies":[{"name":"wp","href":"https:\/\/api.w.org\/{rel}","templated":true}]}}