{"id":185,"date":"2025-05-21T14:14:02","date_gmt":"2025-05-21T17:14:02","guid":{"rendered":"https:\/\/raquelpsicologa.com.br\/blogwp\/?p=185"},"modified":"2025-05-21T14:16:14","modified_gmt":"2025-05-21T17:16:14","slug":"autoestima-um-alicerce-emocional-para-mulheres-imigrantes","status":"publish","type":"post","link":"https:\/\/raquelpsicologa.com.br\/blogwp\/autoestima-um-alicerce-emocional-para-mulheres-imigrantes\/","title":{"rendered":"Autoestima: um alicerce emocional para mulheres imigrantes"},"content":{"rendered":"\n<p class=\"wp-block-paragraph\"><\/p>\n\n\n\n<figure class=\"wp-block-gallery has-nested-images columns-default is-cropped wp-block-gallery-1 is-layout-flex wp-block-gallery-is-layout-flex\">\n<figure class=\"wp-block-image size-large\"><img loading=\"lazy\" decoding=\"async\" width=\"576\" height=\"1024\" data-id=\"191\" src=\"https:\/\/raquelpsicologa.com.br\/blogwp\/wp-content\/uploads\/2025\/05\/divaris-shirichena-zcZajM60Fg0-unsplash-2-576x1024.jpeg\" alt=\"\" class=\"wp-image-191\" srcset=\"https:\/\/raquelpsicologa.com.br\/blogwp\/wp-content\/uploads\/2025\/05\/divaris-shirichena-zcZajM60Fg0-unsplash-2-576x1024.jpeg 576w, https:\/\/raquelpsicologa.com.br\/blogwp\/wp-content\/uploads\/2025\/05\/divaris-shirichena-zcZajM60Fg0-unsplash-2-169x300.jpeg 169w, https:\/\/raquelpsicologa.com.br\/blogwp\/wp-content\/uploads\/2025\/05\/divaris-shirichena-zcZajM60Fg0-unsplash-2-768x1365.jpeg 768w, https:\/\/raquelpsicologa.com.br\/blogwp\/wp-content\/uploads\/2025\/05\/divaris-shirichena-zcZajM60Fg0-unsplash-2-864x1536.jpeg 864w, https:\/\/raquelpsicologa.com.br\/blogwp\/wp-content\/uploads\/2025\/05\/divaris-shirichena-zcZajM60Fg0-unsplash-2-1152x2048.jpeg 1152w, https:\/\/raquelpsicologa.com.br\/blogwp\/wp-content\/uploads\/2025\/05\/divaris-shirichena-zcZajM60Fg0-unsplash-2-1200x2133.jpeg 1200w, https:\/\/raquelpsicologa.com.br\/blogwp\/wp-content\/uploads\/2025\/05\/divaris-shirichena-zcZajM60Fg0-unsplash-2-1980x3519.jpeg 1980w, https:\/\/raquelpsicologa.com.br\/blogwp\/wp-content\/uploads\/2025\/05\/divaris-shirichena-zcZajM60Fg0-unsplash-2-scaled.jpeg 1441w\" sizes=\"auto, (max-width: 576px) 100vw, 576px\" \/><figcaption class=\"wp-element-caption\">A autoestima \u00e9 uma ferramenta fundamental para qualquer imigrante.<\/figcaption><\/figure>\n<\/figure>\n\n\n\n<p class=\"wp-block-paragraph\"><\/p>\n\n\n\n<p class=\"wp-block-paragraph\">Voc\u00ea j\u00e1 me ouviu dizer que migrar \u00e9 um ato de coragem. Afinal, voc\u00ea n\u00e3o pega s\u00f3 um avi\u00e3o e muda de endere\u00e7o, mas atravessa fronteiras geogr\u00e1ficas, culturais, emocionais e simb\u00f3licas. E embora essa travessia seja muitas vezes motivada por sonhos, oportunidades ou necessidades, ela quase sempre coloca voc\u00ea diante de uma pergunta silenciosa e poderosa:\u00a0<em>Quem sou eu, agora, neste novo pa\u00eds?<\/em><\/p>\n\n\n\n<p class=\"wp-block-paragraph\">\u00c9 aqui que sua autoestima se torna um eixo central na sua experi\u00eancia migrat\u00f3ria.<\/p>\n\n\n\n<p class=\"wp-block-paragraph\">Ao contr\u00e1rio do que muitos pensam, a autoestima n\u00e3o \u00e9 apenas &#8220;gostar de si mesma&#8221; ou &#8220;ter pensamentos positivos sobre quem voc\u00ea  \u00e9&#8221;. Na psicologia, compreendemos a autoestima como o valor que atribu\u00edmos a n\u00f3s mesmas a partir da percep\u00e7\u00e3o de quem somos, do que merecemos e do quanto sentimos que pertencemos (n\u00e3o apenas no plano individual, mas tamb\u00e9m no social e no simb\u00f3lico).<\/p>\n\n\n\n<p class=\"wp-block-paragraph\">Para mulheres imigrantes, como eu e voc\u00ea, essa constru\u00e7\u00e3o da autoestima se torna ainda mais complexa. Isso porque o processo migrat\u00f3rio desestabiliza estruturas identit\u00e1rias, desloca pap\u00e9is sociais e exige a reinven\u00e7\u00e3o constante de si mesma em um novo territ\u00f3rio, muitas vezes sem os apoios emocionais, culturais e familiares que sustentavam nossa autoestima no pa\u00eds de origem.<\/p>\n\n\n\n<p class=\"wp-block-paragraph\"><\/p>\n\n\n\n<p class=\"has-large-font-size wp-block-paragraph\"><strong><mark style=\"background-color:rgba(0, 0, 0, 0)\" class=\"has-inline-color has-accent-color\">O que a migra\u00e7\u00e3o faz com a sua autoestima?<\/mark><\/strong><\/p>\n\n\n\n<p class=\"wp-block-paragraph\">Os estudos na \u00e1rea da psicologia intercultural, como os de Berry (1997) e Achotegui (2002), demonstram que migrar pode provocar um impacto significativo na sua percep\u00e7\u00e3o de valor pessoal. Afinal, muitos dos elementos que antes refor\u00e7avam a sua autoestima \u2014 profiss\u00e3o reconhecida, rede de amizades, dom\u00ednio da l\u00edngua, senso de pertencimento \u2014 s\u00e3o, em alguma medida, perdidos ou transformados durante a imigra\u00e7\u00e3o.<\/p>\n\n\n\n<p class=\"wp-block-paragraph\">Al\u00e9m disso, o racismo, a xenofobia e a invisibiliza\u00e7\u00e3o social que muitas imigrantes brasileiras enfrentam na Europa geram uma constante sensa\u00e7\u00e3o de inadequa\u00e7\u00e3o. Como psic\u00f3loga, eu escuto com frequ\u00eancia relatos como:<\/p>\n\n\n\n<blockquote class=\"wp-block-quote is-layout-flow wp-block-quote-is-layout-flow\">\n<p class=\"wp-block-paragraph\"><em>\u201cEu me sinto menos inteligente aqui porque n\u00e3o consigo me expressar como antes.\u201d<\/em><br><em>\u201cNo Brasil eu era algu\u00e9m, aqui pare\u00e7o invis\u00edvel.\u201d<\/em><br><em>\u201cParece que nunca estou \u00e0 altura.\u201d<\/em><\/p>\n<\/blockquote>\n\n\n\n<p class=\"wp-block-paragraph\">Esses sentimentos, embora compreens\u00edveis, corroem lentamente a autoestima, especialmente quando n\u00e3o s\u00e3o elaborados com o devido cuidado.<\/p>\n\n\n\n<p class=\"wp-block-paragraph\"><\/p>\n\n\n\n<figure class=\"wp-block-gallery has-nested-images columns-default is-cropped wp-block-gallery-2 is-layout-flex wp-block-gallery-is-layout-flex\">\n<figure class=\"wp-block-image size-large\"><img loading=\"lazy\" decoding=\"async\" width=\"805\" height=\"1024\" data-id=\"192\" src=\"https:\/\/raquelpsicologa.com.br\/blogwp\/wp-content\/uploads\/2025\/05\/klara-kulikova-LMMQsl1A6JQ-unsplash-2-805x1024.jpeg\" alt=\"\" class=\"wp-image-192\" srcset=\"https:\/\/raquelpsicologa.com.br\/blogwp\/wp-content\/uploads\/2025\/05\/klara-kulikova-LMMQsl1A6JQ-unsplash-2-805x1024.jpeg 805w, https:\/\/raquelpsicologa.com.br\/blogwp\/wp-content\/uploads\/2025\/05\/klara-kulikova-LMMQsl1A6JQ-unsplash-2-236x300.jpeg 236w, https:\/\/raquelpsicologa.com.br\/blogwp\/wp-content\/uploads\/2025\/05\/klara-kulikova-LMMQsl1A6JQ-unsplash-2-768x977.jpeg 768w, https:\/\/raquelpsicologa.com.br\/blogwp\/wp-content\/uploads\/2025\/05\/klara-kulikova-LMMQsl1A6JQ-unsplash-2-1207x1536.jpeg 1207w, https:\/\/raquelpsicologa.com.br\/blogwp\/wp-content\/uploads\/2025\/05\/klara-kulikova-LMMQsl1A6JQ-unsplash-2-1610x2048.jpeg 1610w, https:\/\/raquelpsicologa.com.br\/blogwp\/wp-content\/uploads\/2025\/05\/klara-kulikova-LMMQsl1A6JQ-unsplash-2-1200x1527.jpeg 1200w, https:\/\/raquelpsicologa.com.br\/blogwp\/wp-content\/uploads\/2025\/05\/klara-kulikova-LMMQsl1A6JQ-unsplash-2-1980x2519.jpeg 1980w, https:\/\/raquelpsicologa.com.br\/blogwp\/wp-content\/uploads\/2025\/05\/klara-kulikova-LMMQsl1A6JQ-unsplash-2-scaled.jpeg 2012w\" sizes=\"auto, (max-width: 805px) 100vw, 805px\" \/><figcaption class=\"wp-element-caption\">Sua autoestima \u00e9 um pilar que sustenta  sua seguran\u00e7a e autoconfian\u00e7a.<\/figcaption><\/figure>\n<\/figure>\n\n\n\n<p class=\"wp-block-paragraph\"><\/p>\n\n\n\n<p class=\"has-large-font-size wp-block-paragraph\"><strong><mark style=\"background-color:rgba(0, 0, 0, 0)\" class=\"has-inline-color has-accent-color\">Por que fortalecer a sua autoestima \u00e9 urgente?<\/mark><\/strong><\/p>\n\n\n\n<p class=\"wp-block-paragraph\">A autoestima funciona como um alicerce emocional. \u00c9 ela que sustenta a sua capacidade de tomar decis\u00f5es com seguran\u00e7a, de estabelecer limites, de construir v\u00ednculos saud\u00e1veis e de lidar com os desafios di\u00e1rios com mais resili\u00eancia. Quando voc\u00ea fortalece sua autoestima como uma mulher imigrante, passa a se relacionar com a experi\u00eancia migrat\u00f3ria de forma menos reativa e mais consciente.<\/p>\n\n\n\n<p class=\"wp-block-paragraph\">E ent\u00e3o voc\u00ea come\u00e7a a n\u00e3o se anular para ser aceita, a n\u00e3o depender da aprova\u00e7\u00e3o externa para se sentir v\u00e1lida, e, o mais importante, a n\u00e3o se abandonar no processo de adapta\u00e7\u00e3o.<\/p>\n\n\n\n<p class=\"wp-block-paragraph\">Ter autoestima significa manter viva a sua hist\u00f3ria \u2014 mesmo que o mundo ao redor ainda n\u00e3o a reconhe\u00e7a por completo. \u00c9 sustentar internamente o valor de ser quem voc\u00ea \u00e9, mesmo diante do desconhecido.<\/p>\n\n\n\n<p class=\"wp-block-paragraph\"><\/p>\n\n\n\n<p class=\"has-large-font-size wp-block-paragraph\"><strong><mark style=\"background-color:rgba(0, 0, 0, 0)\" class=\"has-inline-color has-accent-color\">Como cuidar da sua autoestima vivendo fora?<\/mark><\/strong><\/p>\n\n\n\n<p class=\"wp-block-paragraph\">O fortalecimento da sua autoestima n\u00e3o acontece por m\u00e1gica, e tampouco depende apenas de frases motivacionais. \u00c9 um trabalho interno que te exige consci\u00eancia, cuidado e, muitas vezes, apoio psicol\u00f3gico especializado. Abaixo, compartilho alguns pontos essenciais:<\/p>\n\n\n\n<ul class=\"wp-block-list\">\n<li><strong>Reconhecer os impactos da imigra\u00e7\u00e3o na sua identidade<\/strong>: Validar o que est\u00e1 dif\u00edcil \u00e9 o primeiro passo para cuidar de si.<\/li>\n\n\n\n<li><strong>Revisar suas refer\u00eancias de valor<\/strong>: Ser\u00e1 que voc\u00ea est\u00e1 medindo sua autoestima por padr\u00f5es que j\u00e1 n\u00e3o fazem sentido na sua vida atual?<\/li>\n\n\n\n<li><strong>Construir v\u00ednculos com quem te v\u00ea de verdade<\/strong>: Rela\u00e7\u00f5es que acolhem e n\u00e3o julgam s\u00e3o fundamentais para reerguer a autoestima.<\/li>\n\n\n\n<li><strong>Cultivar narrativas internas mais compassivas<\/strong>: A forma como voc\u00ea fala consigo mesma importa, principalmente em momentos de fragilidade.<\/li>\n\n\n\n<li><strong>Buscar espa\u00e7os seguros de escuta e reconstru\u00e7\u00e3o<\/strong>: A psicoterapia pode ser um desses espa\u00e7os. Um lugar onde voc\u00ea n\u00e3o precisa estar pronta, apenas disposta a se reencontrar.<\/li>\n<\/ul>\n\n\n\n<p class=\"wp-block-paragraph\"><\/p>\n\n\n\n<p class=\"has-large-font-size wp-block-paragraph\"><strong><strong><mark style=\"background-color:rgba(0, 0, 0, 0)\" class=\"has-inline-color has-accent-color\">A autoestima \u00e9 um direito<\/mark><\/strong><\/strong><\/p>\n\n\n\n<p class=\"wp-block-paragraph\">Por fim, \u00e9 preciso afirmar algo que talvez voc\u00ea nunca tenha ouvido com clareza:\u00a0<em>ter autoestima \u00e9 um direito seu e n\u00e3o um luxo, nem um capricho<\/em>. \u00c9 o que te permite sustentar a sua dignidade mesmo em um pa\u00eds que ainda n\u00e3o entende sua trajet\u00f3ria. \u00c9 o que te d\u00e1 for\u00e7a para construir uma vida com sentido, mesmo longe das ra\u00edzes. E, sobretudo, \u00e9 o que te lembra, todos os dias, que voc\u00ea merece ocupar o seu lugar no mundo \u2014 com voz, com presen\u00e7a e com verdade.<\/p>\n\n\n\n<p class=\"wp-block-paragraph\"><\/p>\n\n\n\n<p class=\"wp-block-paragraph\"><\/p>\n","protected":false},"excerpt":{"rendered":"<p>Voc\u00ea j\u00e1 me ouviu dizer que migrar \u00e9 um ato de coragem. Afinal, voc\u00ea n\u00e3o pega s\u00f3 um avi\u00e3o e muda de endere\u00e7o, mas atravessa fronteiras geogr\u00e1ficas, culturais, emocionais e simb\u00f3licas. E embora essa travessia seja muitas vezes motivada por sonhos, oportunidades ou necessidades, ela quase sempre coloca voc\u00ea diante de uma pergunta silenciosa e [&hellip;]<\/p>\n","protected":false},"author":2,"featured_media":0,"comment_status":"open","ping_status":"open","sticky":false,"template":"","format":"standard","meta":{"footnotes":""},"categories":[44,46,48,45],"tags":[63,64,27,29,51],"class_list":["post-185","post","type-post","status-publish","format-standard","hentry","category-autoestima","category-europa","category-ferramentas-terapeuticas","category-saudemental","tag-autoestima","tag-fortalecimento-emocional","tag-imigracao-para-a-europa","tag-saude-mental","tag-sentimentos"],"_links":{"self":[{"href":"https:\/\/raquelpsicologa.com.br\/blogwp\/wp-json\/wp\/v2\/posts\/185","targetHints":{"allow":["GET"]}}],"collection":[{"href":"https:\/\/raquelpsicologa.com.br\/blogwp\/wp-json\/wp\/v2\/posts"}],"about":[{"href":"https:\/\/raquelpsicologa.com.br\/blogwp\/wp-json\/wp\/v2\/types\/post"}],"author":[{"embeddable":true,"href":"https:\/\/raquelpsicologa.com.br\/blogwp\/wp-json\/wp\/v2\/users\/2"}],"replies":[{"embeddable":true,"href":"https:\/\/raquelpsicologa.com.br\/blogwp\/wp-json\/wp\/v2\/comments?post=185"}],"version-history":[{"count":6,"href":"https:\/\/raquelpsicologa.com.br\/blogwp\/wp-json\/wp\/v2\/posts\/185\/revisions"}],"predecessor-version":[{"id":197,"href":"https:\/\/raquelpsicologa.com.br\/blogwp\/wp-json\/wp\/v2\/posts\/185\/revisions\/197"}],"wp:attachment":[{"href":"https:\/\/raquelpsicologa.com.br\/blogwp\/wp-json\/wp\/v2\/media?parent=185"}],"wp:term":[{"taxonomy":"category","embeddable":true,"href":"https:\/\/raquelpsicologa.com.br\/blogwp\/wp-json\/wp\/v2\/categories?post=185"},{"taxonomy":"post_tag","embeddable":true,"href":"https:\/\/raquelpsicologa.com.br\/blogwp\/wp-json\/wp\/v2\/tags?post=185"}],"curies":[{"name":"wp","href":"https:\/\/api.w.org\/{rel}","templated":true}]}}