{"id":233,"date":"2025-08-05T11:58:41","date_gmt":"2025-08-05T14:58:41","guid":{"rendered":"https:\/\/raquelpsicologa.com.br\/blogwp\/?p=233"},"modified":"2025-08-05T12:06:08","modified_gmt":"2025-08-05T15:06:08","slug":"e-se-eu-quiser-voltar-as-dores-de-uma-decisao-silenciosa-entre-muitas-imigrantes","status":"publish","type":"post","link":"https:\/\/raquelpsicologa.com.br\/blogwp\/e-se-eu-quiser-voltar-as-dores-de-uma-decisao-silenciosa-entre-muitas-imigrantes\/","title":{"rendered":"E se eu quiser voltar? As dores de uma decis\u00e3o silenciosa entre muitas imigrantes"},"content":{"rendered":"\n<p class=\"wp-block-paragraph\"><\/p>\n\n\n\n<p class=\"wp-block-paragraph\"><\/p>\n\n\n\n<figure class=\"wp-block-gallery has-nested-images columns-default is-cropped wp-block-gallery-1 is-layout-flex wp-block-gallery-is-layout-flex\">\n<figure class=\"wp-block-image size-large is-style-default\"><img loading=\"lazy\" decoding=\"async\" width=\"1024\" height=\"849\" data-id=\"235\" src=\"https:\/\/raquelpsicologa.com.br\/blogwp\/wp-content\/uploads\/2025\/08\/pexels-thalittlemarc-28208333-1024x849.jpg\" alt=\"\" class=\"wp-image-235\" srcset=\"https:\/\/raquelpsicologa.com.br\/blogwp\/wp-content\/uploads\/2025\/08\/pexels-thalittlemarc-28208333-1024x849.jpg 1024w, https:\/\/raquelpsicologa.com.br\/blogwp\/wp-content\/uploads\/2025\/08\/pexels-thalittlemarc-28208333-300x249.jpg 300w, https:\/\/raquelpsicologa.com.br\/blogwp\/wp-content\/uploads\/2025\/08\/pexels-thalittlemarc-28208333-768x637.jpg 768w, https:\/\/raquelpsicologa.com.br\/blogwp\/wp-content\/uploads\/2025\/08\/pexels-thalittlemarc-28208333-1536x1273.jpg 1536w, https:\/\/raquelpsicologa.com.br\/blogwp\/wp-content\/uploads\/2025\/08\/pexels-thalittlemarc-28208333-2048x1697.jpg 2048w, https:\/\/raquelpsicologa.com.br\/blogwp\/wp-content\/uploads\/2025\/08\/pexels-thalittlemarc-28208333-1200x995.jpg 1200w, https:\/\/raquelpsicologa.com.br\/blogwp\/wp-content\/uploads\/2025\/08\/pexels-thalittlemarc-28208333-1980x1641.jpg 1980w\" sizes=\"auto, (max-width: 1024px) 100vw, 1024px\" \/><figcaption class=\"wp-element-caption\">A saudades dos familiares que ficaram no Brasil \u00e9 um dos maiores motivos para as imigrantes desejarem regressar ao pa\u00eds de origem. Qual \u00e9 o seu motivo?<\/figcaption><\/figure>\n<\/figure>\n\n\n\n<p class=\"wp-block-paragraph\">Voltar para o Brasil. Essa ideia, que em outros tempos pareceria fracasso ou fraqueza, hoje emerge em muitas mulheres imigrantes como uma possibilidade real, dolorosa, solit\u00e1ria e, quase sempre, muito mal compreendida.<\/p>\n\n\n\n<p class=\"wp-block-paragraph\">Talvez voc\u00ea esteja nesse ponto e j\u00e1 tenha at\u00e9 tentado de tudo: acomodou-se o melhor que p\u00f4de, estudou, trabalhou, construiu v\u00ednculos, aprendeu a l\u00edngua, entendeu os c\u00f3digos sociais, fez concess\u00f5es. E, mesmo assim, sente que algo segue fora do lugar.<\/p>\n\n\n\n<p class=\"wp-block-paragraph\">\u00c0s vezes, \u00e9 a saudade que n\u00e3o d\u00e1 sossego. Outras vezes, \u00e9 um cansa\u00e7o que se acumula, dia ap\u00f3s dia, de viver em luta: para se afirmar, para ser compreendida, para ocupar um espa\u00e7o onde, apesar dos anos, ainda se sente estrangeira.<\/p>\n\n\n\n<p class=\"wp-block-paragraph\">E quando esse desejo de voltar aparece, ele raramente vem sozinho. Vem com culpa. Com medo. Com vergonha de parecer fraca. Com d\u00favidas que n\u00e3o cessam: \u201cser\u00e1 que estou desistindo f\u00e1cil demais?\u201d, \u201ce se eu me arrepender depois?\u201d, \u201co que v\u00e3o pensar de mim?\u201d, \u201ce se eu n\u00e3o me adaptar nem aqui nem l\u00e1?\u201d. Se reconheceu?<\/p>\n\n\n\n<p class=\"wp-block-paragraph\">H\u00e1 tamb\u00e9m o medo do retorno: encontrar um Brasil que j\u00e1 mudou, rela\u00e7\u00f5es que j\u00e1 n\u00e3o existem, ou mesmo a si mesma, t\u00e3o transformada que j\u00e1 n\u00e3o se encaixa mais no lugar de antes. Mulheres que passam por isso vivem num entre-lugar. Entre dois pa\u00edses, entre duas culturas, entre duas vers\u00f5es de si.<\/p>\n\n\n\n<p class=\"wp-block-paragraph\">Esse limbo n\u00e3o tem mapa, nem resposta certa. E \u00e9 por isso que tantas imigrantes silenciam esse desejo. Porque n\u00e3o querem ouvir conselhos apressados, compara\u00e7\u00f5es cru\u00e9is ou julgamentos mascarados de otimismo.<\/p>\n\n\n\n<p class=\"wp-block-paragraph\">Mas h\u00e1 algo que precisa ser dito com toda a clareza e cuidado:<\/p>\n\n\n\n<p class=\"has-accent-color has-text-color has-link-color has-normal-font-size wp-elements-1 wp-block-paragraph\"><strong>Voc\u00ea n\u00e3o precisa provar nada para ningu\u00e9m.<\/strong><\/p>\n\n\n\n<figure class=\"wp-block-gallery has-nested-images columns-default is-cropped wp-block-gallery-2 is-layout-flex wp-block-gallery-is-layout-flex\">\n<figure class=\"wp-block-image size-large is-style-default\"><img loading=\"lazy\" decoding=\"async\" width=\"911\" height=\"1024\" data-id=\"236\" src=\"https:\/\/raquelpsicologa.com.br\/blogwp\/wp-content\/uploads\/2025\/08\/pexels-felipesantt-3029699-911x1024.jpeg\" alt=\"\" class=\"wp-image-236\" srcset=\"https:\/\/raquelpsicologa.com.br\/blogwp\/wp-content\/uploads\/2025\/08\/pexels-felipesantt-3029699-911x1024.jpeg 911w, https:\/\/raquelpsicologa.com.br\/blogwp\/wp-content\/uploads\/2025\/08\/pexels-felipesantt-3029699-267x300.jpeg 267w, https:\/\/raquelpsicologa.com.br\/blogwp\/wp-content\/uploads\/2025\/08\/pexels-felipesantt-3029699-768x863.jpeg 768w, https:\/\/raquelpsicologa.com.br\/blogwp\/wp-content\/uploads\/2025\/08\/pexels-felipesantt-3029699-1367x1536.jpeg 1367w, https:\/\/raquelpsicologa.com.br\/blogwp\/wp-content\/uploads\/2025\/08\/pexels-felipesantt-3029699-1822x2048.jpeg 1822w, https:\/\/raquelpsicologa.com.br\/blogwp\/wp-content\/uploads\/2025\/08\/pexels-felipesantt-3029699-1200x1349.jpeg 1200w, https:\/\/raquelpsicologa.com.br\/blogwp\/wp-content\/uploads\/2025\/08\/pexels-felipesantt-3029699-1980x2225.jpeg 1980w\" sizes=\"auto, (max-width: 911px) 100vw, 911px\" \/><figcaption class=\"wp-element-caption\">Cada vez mais, ter conquistado uma vida de conforto e seguran\u00e7a j\u00e1 n\u00e3o basta para segurar as imigrantes fora do Brasil. <\/figcaption><\/figure>\n<\/figure>\n\n\n\n<p class=\"has-large-font-size wp-block-paragraph\"><\/p>\n\n\n\n<p class=\"wp-block-paragraph\">A experi\u00eancia migrat\u00f3ria \u00e9 complexa, exigente e profunda. E cada mulher tem um processo \u00fanico de adapta\u00e7\u00e3o, pertencimento e escolha. Voltar n\u00e3o \u00e9 sin\u00f4nimo de fracasso, assim como permanecer n\u00e3o \u00e9 sempre sin\u00f4nimo de sucesso.<\/p>\n\n\n\n<p class=\"wp-block-paragraph\">Mais importante do que&nbsp;<em>onde<\/em>&nbsp;voc\u00ea vive, \u00e9&nbsp;<em>como<\/em>&nbsp;voc\u00ea vive. Se est\u00e1 em paz com suas decis\u00f5es, se sente que tem o direito de existir por inteiro, aqui, l\u00e1, ou em qualquer lugar do mundo.<\/p>\n\n\n\n<p class=\"wp-block-paragraph\">O que verdadeiramente importa \u00e9 que&nbsp;<strong>voc\u00ea se sinta pertencente ao seu pr\u00f3prio processo<\/strong>. Que ele seja seu. Com todas as ambival\u00eancias, d\u00favidas e recome\u00e7os que forem necess\u00e1rios.<\/p>\n\n\n\n<p class=\"wp-block-paragraph\">Se decidir voltar, que seja com consci\u00eancia, coragem e cuidado.<br>Se decidir ficar, que seja com enraizamento, escuta e leveza.<\/p>\n\n\n\n<p class=\"wp-block-paragraph\">N\u00e3o h\u00e1 resposta certa: h\u00e1 o seu tempo, o seu corpo, a sua hist\u00f3ria. E elas merecem ser ouvidas, com profundidade, sem pressa e sem culpa.<\/p>\n\n\n\n<p class=\"has-accent-color has-text-color has-link-color has-normal-font-size wp-elements-2 wp-block-paragraph\"><strong>Voc\u00ea n\u00e3o \u00e9 menos corajosa por voltar, nem mais forte por ficar. Voc\u00ea \u00e9 inteira quando se permite decidir por si mesma.<\/strong><\/p>\n\n\n\n<p class=\"wp-block-paragraph\">Se este tema te tocou, recomendo a leitura deste outro artigo:<br>\u27a1\ufe0f\u00a0<a href=\"https:\/\/raquelpsicologa.com.br\/blogwp\/as-feridas-que-atravessam-o-oceano-por-que-cuidar-do-que-ficou-antes-de-seguir-adiante\/\" target=\"_blank\" rel=\"noreferrer noopener\">\u201cAs feridas que atravessam o oceano: por que cuidar do que ficou antes de seguir adiante?\u201d<\/a><br>Nele, aprofundo a import\u00e2ncia de reconhecer os lutos invis\u00edveis que carregamos na imigra\u00e7\u00e3o e como eles afetam decis\u00f5es como essa.<\/p>\n\n\n\n<p class=\"wp-block-paragraph\"><\/p>\n","protected":false},"excerpt":{"rendered":"<p>Voltar para o Brasil. Essa ideia, que em outros tempos pareceria fracasso ou fraqueza, hoje emerge em muitas mulheres imigrantes como uma possibilidade real, dolorosa, solit\u00e1ria e, quase sempre, muito mal compreendida. Talvez voc\u00ea esteja nesse ponto e j\u00e1 tenha at\u00e9 tentado de tudo: acomodou-se o melhor que p\u00f4de, estudou, trabalhou, construiu v\u00ednculos, aprendeu a [&hellip;]<\/p>\n","protected":false},"author":2,"featured_media":0,"comment_status":"open","ping_status":"open","sticky":false,"template":"","format":"standard","meta":{"footnotes":""},"categories":[69,68,59,70,71],"tags":[27,54,29,72],"class_list":["post-233","post","type-post","status-publish","format-standard","hentry","category-adaptacao","category-choques-culturais","category-decisoes-dificeis","category-imigracao","category-luto-migratorio","tag-imigracao-para-a-europa","tag-morando-fora","tag-saude-mental","tag-voltar-para-o-brasil"],"_links":{"self":[{"href":"https:\/\/raquelpsicologa.com.br\/blogwp\/wp-json\/wp\/v2\/posts\/233","targetHints":{"allow":["GET"]}}],"collection":[{"href":"https:\/\/raquelpsicologa.com.br\/blogwp\/wp-json\/wp\/v2\/posts"}],"about":[{"href":"https:\/\/raquelpsicologa.com.br\/blogwp\/wp-json\/wp\/v2\/types\/post"}],"author":[{"embeddable":true,"href":"https:\/\/raquelpsicologa.com.br\/blogwp\/wp-json\/wp\/v2\/users\/2"}],"replies":[{"embeddable":true,"href":"https:\/\/raquelpsicologa.com.br\/blogwp\/wp-json\/wp\/v2\/comments?post=233"}],"version-history":[{"count":7,"href":"https:\/\/raquelpsicologa.com.br\/blogwp\/wp-json\/wp\/v2\/posts\/233\/revisions"}],"predecessor-version":[{"id":289,"href":"https:\/\/raquelpsicologa.com.br\/blogwp\/wp-json\/wp\/v2\/posts\/233\/revisions\/289"}],"wp:attachment":[{"href":"https:\/\/raquelpsicologa.com.br\/blogwp\/wp-json\/wp\/v2\/media?parent=233"}],"wp:term":[{"taxonomy":"category","embeddable":true,"href":"https:\/\/raquelpsicologa.com.br\/blogwp\/wp-json\/wp\/v2\/categories?post=233"},{"taxonomy":"post_tag","embeddable":true,"href":"https:\/\/raquelpsicologa.com.br\/blogwp\/wp-json\/wp\/v2\/tags?post=233"}],"curies":[{"name":"wp","href":"https:\/\/api.w.org\/{rel}","templated":true}]}}