{"id":65,"date":"2023-08-20T06:00:00","date_gmt":"2023-08-20T09:00:00","guid":{"rendered":"https:\/\/raquelpsicologa.com.br\/blogwp\/?p=65"},"modified":"2024-07-30T19:38:19","modified_gmt":"2024-07-30T22:38:19","slug":"ameaca-terrorista-na-suecia-devo-me-preocupar","status":"publish","type":"post","link":"https:\/\/raquelpsicologa.com.br\/blogwp\/ameaca-terrorista-na-suecia-devo-me-preocupar\/","title":{"rendered":"Amea\u00e7a terrorista na Su\u00e9cia. Devo me preocupar?"},"content":{"rendered":"\n<p class=\"wp-block-paragraph\"><\/p>\n\n\n\n<p class=\"wp-block-paragraph\"><\/p>\n\n\n\n<p class=\"wp-block-paragraph\"><\/p>\n\n\n\n<figure class=\"wp-block-image size-large\"><img loading=\"lazy\" decoding=\"async\" width=\"683\" height=\"1024\" src=\"https:\/\/raquelpsicologa.com.br\/blogwp\/wp-content\/uploads\/2023\/08\/uladzislau-petrushkevich-_eUJMytbdU8-unsplash-683x1024.jpeg\" alt=\"\" class=\"wp-image-66\" srcset=\"https:\/\/raquelpsicologa.com.br\/blogwp\/wp-content\/uploads\/2023\/08\/uladzislau-petrushkevich-_eUJMytbdU8-unsplash-683x1024.jpeg 683w, https:\/\/raquelpsicologa.com.br\/blogwp\/wp-content\/uploads\/2023\/08\/uladzislau-petrushkevich-_eUJMytbdU8-unsplash-200x300.jpeg 200w, https:\/\/raquelpsicologa.com.br\/blogwp\/wp-content\/uploads\/2023\/08\/uladzislau-petrushkevich-_eUJMytbdU8-unsplash-768x1152.jpeg 768w, https:\/\/raquelpsicologa.com.br\/blogwp\/wp-content\/uploads\/2023\/08\/uladzislau-petrushkevich-_eUJMytbdU8-unsplash-1024x1536.jpeg 1024w, https:\/\/raquelpsicologa.com.br\/blogwp\/wp-content\/uploads\/2023\/08\/uladzislau-petrushkevich-_eUJMytbdU8-unsplash-1365x2048.jpeg 1365w, https:\/\/raquelpsicologa.com.br\/blogwp\/wp-content\/uploads\/2023\/08\/uladzislau-petrushkevich-_eUJMytbdU8-unsplash-1200x1800.jpeg 1200w, https:\/\/raquelpsicologa.com.br\/blogwp\/wp-content\/uploads\/2023\/08\/uladzislau-petrushkevich-_eUJMytbdU8-unsplash-1980x2970.jpeg 1980w, https:\/\/raquelpsicologa.com.br\/blogwp\/wp-content\/uploads\/2023\/08\/uladzislau-petrushkevich-_eUJMytbdU8-unsplash-scaled.jpeg 1707w\" sizes=\"auto, (max-width: 683px) 100vw, 683px\" \/><\/figure>\n\n\n\n<p class=\"wp-block-paragraph\">No \u00faltimo 17\/08 a Su\u00e9cia decidiu subir o n\u00edvel de alerta \u00e0 amea\u00e7as terroristas de 3 para 4 (o m\u00e1ximo \u00e9 5).<\/p>\n\n\n\n<p class=\"wp-block-paragraph\"><strong>Porque isso?<\/strong><br>Isso ocorreu ap\u00f3s dois homens queimarem um exemplar do Cor\u00e3o, no final de julho, em frente ao Parlamento sueco. Esse ato foi sucedido por outro em junho, onde a a\u00e7\u00e3o se repetiu em frente a maior Mesquita de Estocolmo.<\/p>\n\n\n\n<p class=\"wp-block-paragraph\"><strong>Retalia\u00e7\u00f5es?<\/strong><br>O mundo mu\u00e7ulmano sofreu fortes tens\u00f5es com esses atos e a embaixada sueca em Bagdad foi incendiada. Lan\u00e7aram um coquetel molotov contra a embaixada sueca em Beirut, que felizmente n\u00e3o chegou a explodir. E a Al Qaida convocou ataques terroristas contra a Su\u00e9cia. Por isso o n\u00edvel de amea\u00e7a terrorista subiu de 3 &#8211; alto para 4 &#8211; cr\u00edtico.<\/p>\n\n\n\n<p class=\"wp-block-paragraph\"><strong>Moro na Su\u00e9cia. Devo me preocupar?<\/strong><br>Bom, vamos l\u00e1: viver em um pa\u00eds que est\u00e1 sob constante vigil\u00e2ncia terrorista n\u00e3o \u00e9 agrad\u00e1vel. Al\u00e9m disso, viver com medo n\u00e3o \u00e9 saud\u00e1vel. Vamos pensar: a Su\u00e9cia j\u00e1 tinha uma classifica\u00e7\u00e3o alta at\u00e9 o dia 16\/08 e aparentemente estava tudo \u201cbem\u201d. Foi preciso que a seguran\u00e7a p\u00fablica do pa\u00eds mudasse a classifica\u00e7\u00e3o para que os demais pa\u00edses parassem de recomendar que seus cidad\u00e3os viajassem para l\u00e1, como foi o caso da Espanha, Inglaterra e Estados Unidos.<\/p>\n\n\n\n<p class=\"wp-block-paragraph\">Eu sei que basta um atentado para que algo terr\u00edvel aconte\u00e7a. Mas n\u00e3o \u00e9 porque o pa\u00eds aumentou o risco de amea\u00e7a terrorista, que necessariamente haver\u00e1 amea\u00e7a. O que significa, isso sim, \u00e9 que o cuidado e a aten\u00e7\u00e3o contra o terrorismo no pa\u00eds, do ponto de vista da seguran\u00e7a p\u00fablica, foram ampliados e novos procedimentos foram adotados para que o ato terrorista n\u00e3o ocorra.<\/p>\n\n\n\n<p class=\"wp-block-paragraph\">H\u00e1 pa\u00edses que t\u00eam baix\u00edssima probabilidade de ocorrer um ato terrorista e, quando menos se espera, acontece. Mas, quanto mais preparado est\u00e1 um pa\u00eds, como \u00e9 o caso da Su\u00e9cia agora, menores s\u00e3o as probabilidades de acontecer.<\/p>\n\n\n\n<p class=\"wp-block-paragraph\">Agora, volto a repetir o que j\u00e1 falei acima e que \u00e9 o mais importante que voc\u00ea vai ler nesse texto: <strong>n\u00e3o d\u00e1 pra viver em um pa\u00eds com medo, n\u00e3o \u00e9 saud\u00e1vel<\/strong>, <strong>a sua sa\u00fade mental n\u00e3o aguenta<\/strong>. Provavelmente voc\u00ea saiu do Brasil por causa do medo, certo? Ent\u00e3o\u2026<\/p>\n\n\n\n<p class=\"wp-block-paragraph\">Apenas viva a sua vida tranquilamente. Confie no governo e na seguran\u00e7a do pa\u00eds que voc\u00ea escolheu viver e, se n\u00e3o conseguir lidar bem com isso, j\u00e1 sabe: procure uma psic\u00f3loga intercultural para conversar sobre os seus anseios.<\/p>\n\n\n\n<p class=\"wp-block-paragraph\">Bom, hoje vou ficando por aqui.<\/p>\n\n\n\n<p class=\"wp-block-paragraph\">Quer conversar sobre esse tema? Ser\u00e1 um prazer te ler nos coment\u00e1rios!<\/p>\n","protected":false},"excerpt":{"rendered":"<p>No \u00faltimo 17\/08 a Su\u00e9cia decidiu subir o n\u00edvel de alerta \u00e0 amea\u00e7as terroristas de 3 para 4 (o m\u00e1ximo \u00e9 5). Porque isso?Isso ocorreu ap\u00f3s dois homens queimarem um exemplar do Cor\u00e3o, no final de julho, em frente ao Parlamento sueco. Esse ato foi sucedido por outro em junho, onde a a\u00e7\u00e3o se repetiu [&hellip;]<\/p>\n","protected":false},"author":2,"featured_media":0,"comment_status":"open","ping_status":"open","sticky":false,"template":"","format":"standard","meta":{"footnotes":""},"categories":[46],"tags":[39,37,38,30,35,36],"class_list":["post-65","post","type-post","status-publish","format-standard","hentry","category-europa","tag-guerra-na-europa","tag-seguranca-na-europa","tag-seguranca-na-suecia","tag-suecia","tag-terrorismo","tag-terrorismo-na-europa"],"_links":{"self":[{"href":"https:\/\/raquelpsicologa.com.br\/blogwp\/wp-json\/wp\/v2\/posts\/65","targetHints":{"allow":["GET"]}}],"collection":[{"href":"https:\/\/raquelpsicologa.com.br\/blogwp\/wp-json\/wp\/v2\/posts"}],"about":[{"href":"https:\/\/raquelpsicologa.com.br\/blogwp\/wp-json\/wp\/v2\/types\/post"}],"author":[{"embeddable":true,"href":"https:\/\/raquelpsicologa.com.br\/blogwp\/wp-json\/wp\/v2\/users\/2"}],"replies":[{"embeddable":true,"href":"https:\/\/raquelpsicologa.com.br\/blogwp\/wp-json\/wp\/v2\/comments?post=65"}],"version-history":[{"count":5,"href":"https:\/\/raquelpsicologa.com.br\/blogwp\/wp-json\/wp\/v2\/posts\/65\/revisions"}],"predecessor-version":[{"id":88,"href":"https:\/\/raquelpsicologa.com.br\/blogwp\/wp-json\/wp\/v2\/posts\/65\/revisions\/88"}],"wp:attachment":[{"href":"https:\/\/raquelpsicologa.com.br\/blogwp\/wp-json\/wp\/v2\/media?parent=65"}],"wp:term":[{"taxonomy":"category","embeddable":true,"href":"https:\/\/raquelpsicologa.com.br\/blogwp\/wp-json\/wp\/v2\/categories?post=65"},{"taxonomy":"post_tag","embeddable":true,"href":"https:\/\/raquelpsicologa.com.br\/blogwp\/wp-json\/wp\/v2\/tags?post=65"}],"curies":[{"name":"wp","href":"https:\/\/api.w.org\/{rel}","templated":true}]}}