{"id":76,"date":"2024-07-30T13:15:07","date_gmt":"2024-07-30T16:15:07","guid":{"rendered":"https:\/\/raquelpsicologa.com.br\/blogwp\/?p=76"},"modified":"2024-07-30T19:35:49","modified_gmt":"2024-07-30T22:35:49","slug":"amizades-no-exterior-e-o-impacto-na-saude-mental-das-imigrantes-brasileiras","status":"publish","type":"post","link":"https:\/\/raquelpsicologa.com.br\/blogwp\/amizades-no-exterior-e-o-impacto-na-saude-mental-das-imigrantes-brasileiras\/","title":{"rendered":"Amizades no exterior e o impacto na sa\u00fade mental das imigrantes brasileiras"},"content":{"rendered":"\n<figure class=\"wp-block-image size-large\"><img loading=\"lazy\" decoding=\"async\" width=\"1024\" height=\"683\" src=\"https:\/\/raquelpsicologa.com.br\/blogwp\/wp-content\/uploads\/2024\/07\/amigas-1024x683.jpeg\" alt=\"\" class=\"wp-image-78\" srcset=\"https:\/\/raquelpsicologa.com.br\/blogwp\/wp-content\/uploads\/2024\/07\/amigas-1024x683.jpeg 1024w, https:\/\/raquelpsicologa.com.br\/blogwp\/wp-content\/uploads\/2024\/07\/amigas-300x200.jpeg 300w, https:\/\/raquelpsicologa.com.br\/blogwp\/wp-content\/uploads\/2024\/07\/amigas-768x512.jpeg 768w, https:\/\/raquelpsicologa.com.br\/blogwp\/wp-content\/uploads\/2024\/07\/amigas-1536x1024.jpeg 1536w, https:\/\/raquelpsicologa.com.br\/blogwp\/wp-content\/uploads\/2024\/07\/amigas-2048x1365.jpeg 2048w, https:\/\/raquelpsicologa.com.br\/blogwp\/wp-content\/uploads\/2024\/07\/amigas-1200x800.jpeg 1200w, https:\/\/raquelpsicologa.com.br\/blogwp\/wp-content\/uploads\/2024\/07\/amigas-1980x1320.jpeg 1980w\" sizes=\"auto, (max-width: 1024px) 100vw, 1024px\" \/><figcaption class=\"wp-element-caption\">A amizade \u00e9 fundamental para brasileiras que imigram.<\/figcaption><\/figure>\n\n\n\n<p class=\"wp-block-paragraph\">No dia 30 de julho \u00e9 comemorado o Dia Internacional da Amizade, data oficialmente estabelecida em 2011 pela Assembleia Geral da ONU para real\u00e7ar a amizade entre povos, pa\u00edses, culturas e indiv\u00edduos, com a inten\u00e7\u00e3o de inspirar esfor\u00e7os de paz e construir pontes entre comunidades. <\/p>\n\n\n\n<p class=\"wp-block-paragraph\">Para muitas imigrantes brasileiras que vivem na Europa, as amizades representam um pilar fundamental no processo de adapta\u00e7\u00e3o e bem-estar. Neste artigo vamos falar sobre como as amizades no exterior impactam positivamente a sa\u00fade mental das imigrantes, destacando a import\u00e2ncia desses v\u00ednculos na constru\u00e7\u00e3o de uma vida mais leve e feliz no exterior.<\/p>\n\n\n\n<h2 class=\"wp-block-heading\">A import\u00e2ncia das amizades para as imigrantes<\/h2>\n\n\n\n<p class=\"wp-block-paragraph\">Como voc\u00ea j\u00e1 sabe, a decis\u00e3o de emigrar para outro pa\u00eds envolve uma s\u00e9rie de desafios e adapta\u00e7\u00f5es. Lidar com a saudade da fam\u00edlia, aprender um novo idioma, adaptar-se a uma cultura diferente e enfrentar preconceitos s\u00e3o apenas algumas das dificuldades enfrentadas por n\u00f3s, imigrantes. Nesse contexto, as amizades se tornam uma rede de apoio mais do que essencial &#8211; s\u00e3o indispens\u00e1veis, pois ajudam a aliviar o peso emocional dessas mudan\u00e7as e oferecem suporte pr\u00e1tico e emocional. Al\u00e9m disso, as amizades no exterior podem desempenhar v\u00e1rios pap\u00e9is importantes. Entre eles:<\/p>\n\n\n\n<p class=\"wp-block-paragraph\"><strong>Suporte emocional<\/strong>: Ter amigos com quem compartilhar sentimentos, medos e alegrias \u00e9 crucial para a sa\u00fade mental. Eles oferecem um ombro amigo nos momentos de dificuldade e est\u00e3o conosco para celebrar conquistas e sucessos.<\/p>\n\n\n\n<p class=\"wp-block-paragraph\"><strong>Integra\u00e7\u00e3o social<\/strong>: Amizades locais ajudam na integra\u00e7\u00e3o \u00e0 nova cultura, ensinando costumes e tradi\u00e7\u00f5es locais e facilitando a participa\u00e7\u00e3o em eventos e atividades sociais.<\/p>\n\n\n\n<p class=\"wp-block-paragraph\"><strong>Rede de apoio<\/strong>: Amigos podem fornecer informa\u00e7\u00f5es valiosas sobre servi\u00e7os locais, oportunidades de emprego e dicas pr\u00e1ticas para a vida di\u00e1ria, como fazer compras e at\u00e9 lidar com a burocracia.<\/p>\n\n\n\n<p class=\"wp-block-paragraph\"><strong>Redu\u00e7\u00e3o do isolamento<\/strong>: A solid\u00e3o \u00e9 um dos principais fatores que afetam negativamente a sa\u00fade mental das imigrantes. Ter amigos diminui a sensa\u00e7\u00e3o de isolamento e promove uma sensa\u00e7\u00e3o de pertencimento.<\/p>\n\n\n\n<h2 class=\"wp-block-heading\">Exemplos pr\u00e1ticos de amizades impactando a vida das imigrantes<\/h2>\n\n\n\n<p class=\"wp-block-paragraph\"><strong>Mariana e o grupo de m\u00e3es brasileiras em Lisboa<\/strong><\/p>\n\n\n\n<p class=\"wp-block-paragraph\">Mariana, uma brasileira de 35 anos, se mudou para Lisboa com seu marido e dois filhos pequenos. Inicialmente, ela se sentia perdida e solit\u00e1ria, especialmente enquanto o marido estava no trabalho e as crian\u00e7as na escola. Foi ent\u00e3o que ela descobriu um grupo de m\u00e3es brasileiras que se reunia semanalmente em um parque local.<\/p>\n\n\n\n<p class=\"wp-block-paragraph\">Essas reuni\u00f5es se tornaram um ponto de virada para Mariana. Ela fez boas amizades, trocou experi\u00eancias sobre a cria\u00e7\u00e3o de filhos em um novo pa\u00eds e recebeu apoio emocional nos momentos em que se sentia mais vulner\u00e1vel. As amizades que ela cultivou no grupo n\u00e3o s\u00f3 ajudaram na sua adapta\u00e7\u00e3o, mas tamb\u00e9m melhoraram significativamente sua sa\u00fade mental, lhe proporcionando um senso de comunidade e pertencimento.<\/p>\n\n\n\n<p class=\"wp-block-paragraph\"><strong>Paula e a rede de profissionais em Berlim<\/strong><\/p>\n\n\n\n<p class=\"wp-block-paragraph\">Paula, uma engenheira de 29 anos, se mudou para Berlim em busca de novas oportunidades na carreira. No in\u00edcio, ela enfrentou dificuldades para se adaptar ao ambiente de trabalho e \u00e0 cultura alem\u00e3. Foi atrav\u00e9s de uma rede de profissionais latinoamericanos que ela encontrou suporte. Os encontros mensais do grupo eram uma chance de compartilhar experi\u00eancias, discutir desafios e comemorar conquistas.<\/p>\n\n\n\n<p class=\"wp-block-paragraph\">Atrav\u00e9s dessas amizades, Paula encontrou mentores que a ajudaram a interagir melhor no mercado de trabalho local e desenvolveu um c\u00edrculo de amigos que se tornaram sua fam\u00edlia na Alemanha. O suporte emocional e profissional que ela recebeu dessas amizades teve um impacto positivo em sua autoestima e confian\u00e7a, permitindo-lhe prosperar em seu novo ambiente.<\/p>\n\n\n\n<figure class=\"wp-block-image size-large\"><img loading=\"lazy\" decoding=\"async\" width=\"1024\" height=\"683\" src=\"https:\/\/raquelpsicologa.com.br\/blogwp\/wp-content\/uploads\/2024\/07\/amigas2-1024x683.jpeg\" alt=\"\" class=\"wp-image-79\" srcset=\"https:\/\/raquelpsicologa.com.br\/blogwp\/wp-content\/uploads\/2024\/07\/amigas2-1024x683.jpeg 1024w, https:\/\/raquelpsicologa.com.br\/blogwp\/wp-content\/uploads\/2024\/07\/amigas2-300x200.jpeg 300w, https:\/\/raquelpsicologa.com.br\/blogwp\/wp-content\/uploads\/2024\/07\/amigas2-768x512.jpeg 768w, https:\/\/raquelpsicologa.com.br\/blogwp\/wp-content\/uploads\/2024\/07\/amigas2-1536x1024.jpeg 1536w, https:\/\/raquelpsicologa.com.br\/blogwp\/wp-content\/uploads\/2024\/07\/amigas2-2048x1365.jpeg 2048w, https:\/\/raquelpsicologa.com.br\/blogwp\/wp-content\/uploads\/2024\/07\/amigas2-1200x800.jpeg 1200w, https:\/\/raquelpsicologa.com.br\/blogwp\/wp-content\/uploads\/2024\/07\/amigas2-1980x1320.jpeg 1980w\" sizes=\"auto, (max-width: 1024px) 100vw, 1024px\" \/><figcaption class=\"wp-element-caption\">Quando vivemos no exterior, as amizades contribuem para a manuten\u00e7\u00e3o da sa\u00fade f\u00edsica e mental.<\/figcaption><\/figure>\n\n\n\n<h2 class=\"wp-block-heading\">Benef\u00edcios das amizades na sa\u00fade mental<\/h2>\n\n\n\n<p class=\"wp-block-paragraph\">V\u00e1rios estudos &#8211; entre eles Cohen e Wills (1985);  Brown e Harris (2002); Holt-Lunstad, Smith, Layton (2010); Cacioppo e Cacioppo (2012) &#8211; demonstram que as amizades t\u00eam um impacto significativo na sa\u00fade mental. Relacionamentos saud\u00e1veis e de apoio est\u00e3o associados a n\u00edveis mais baixos de depress\u00e3o, ansiedade e estresse. Al\u00e9m disso, amigos podem encorajar comportamentos saud\u00e1veis, como a pr\u00e1tica de exerc\u00edcios f\u00edsicos e a busca por ajuda profissional quando necess\u00e1rio.<\/p>\n\n\n\n<p class=\"wp-block-paragraph\">Para as imigrantes, as amizades podem ser ainda mais cruciais devido \u00e0 multiplicidade de desafios enfrentados. A presen\u00e7a de amigos que compreendem as dificuldades da vida no exterior pode proporcionar um al\u00edvio emocional muito importante, ajudando a combater a sensa\u00e7\u00e3o de isolamento e solid\u00e3o.<\/p>\n\n\n\n<p class=\"wp-block-paragraph\"><strong>Dicas para Cultivar Amizades no Exterior<\/strong><\/p>\n\n\n\n<p class=\"wp-block-paragraph\"><strong>Participe de grupos e comunidades<\/strong>: Procure grupos locais de brasileiros ou de interesses comuns, como clubes de leitura, grupos de m\u00e3es ou associa\u00e7\u00f5es profissionais (\u00e9 importante n\u00e3o se limitar apenas \u00e0s comunidades brasileiras. Conhe\u00e7a outros grupos e culturas tamb\u00e9m, assim voc\u00ea se adaptar\u00e1 melhor na sua vida no exterior).<\/p>\n\n\n\n<p class=\"wp-block-paragraph\"><strong>Seja proativa<\/strong>: N\u00e3o espere que os outros tomem a iniciativa. Convide colegas de trabalho ou conhecidos para um caf\u00e9 ou uma atividade social.<\/p>\n\n\n\n<p class=\"wp-block-paragraph\"><strong>Use redes sociais<\/strong>: Plataformas como Facebook, Instagram e apps de amizades podem ser \u00f3timas ferramentas para encontrar eventos e grupos de amizades na sua cidade.<\/p>\n\n\n\n<p class=\"wp-block-paragraph\"><strong>Seja aberta e receptiva<\/strong>: Esteja aberta a novas experi\u00eancias e disposta a conhecer pessoas de diferentes culturas. A diversidade pode enriquecer suas amizades e proporcionar novas perspectivas.<\/p>\n\n\n\n<p class=\"wp-block-paragraph\"><strong>Ofere\u00e7a ajuda e apoio<\/strong>: As amizades s\u00e3o uma via de m\u00e3o dupla. Esteja dispon\u00edvel para apoiar seus amigos nos momentos de necessidade.<\/p>\n\n\n\n<h4 class=\"wp-block-heading\">E voc\u00ea? Que estrat\u00e9gias utiliza para fazer amizades?<\/h4>\n\n\n\n<p class=\"wp-block-paragraph\">Contribua nos coment\u00e1rios e ajude outras brasileiras a n\u00e3o se sentirem t\u00e3o solit\u00e1rias na Europa! \ud83d\ude09 <\/p>\n","protected":false},"excerpt":{"rendered":"<p>No dia 30 de julho \u00e9 comemorado o Dia Internacional da Amizade, data oficialmente estabelecida em 2011 pela Assembleia Geral da ONU para real\u00e7ar a amizade entre povos, pa\u00edses, culturas e indiv\u00edduos, com a inten\u00e7\u00e3o de inspirar esfor\u00e7os de paz e construir pontes entre comunidades. Para muitas imigrantes brasileiras que vivem na Europa, as amizades [&hellip;]<\/p>\n","protected":false},"author":2,"featured_media":0,"comment_status":"open","ping_status":"open","sticky":false,"template":"","format":"standard","meta":{"footnotes":""},"categories":[40],"tags":[32,33,34,27,28,29],"class_list":["post-76","post","type-post","status-publish","format-standard","hentry","category-amizades","tag-amizades-na-europa","tag-amizades-no-exterior","tag-fazer-amigos-na-europa","tag-imigracao-para-a-europa","tag-qualidade-de-vida","tag-saude-mental"],"_links":{"self":[{"href":"https:\/\/raquelpsicologa.com.br\/blogwp\/wp-json\/wp\/v2\/posts\/76","targetHints":{"allow":["GET"]}}],"collection":[{"href":"https:\/\/raquelpsicologa.com.br\/blogwp\/wp-json\/wp\/v2\/posts"}],"about":[{"href":"https:\/\/raquelpsicologa.com.br\/blogwp\/wp-json\/wp\/v2\/types\/post"}],"author":[{"embeddable":true,"href":"https:\/\/raquelpsicologa.com.br\/blogwp\/wp-json\/wp\/v2\/users\/2"}],"replies":[{"embeddable":true,"href":"https:\/\/raquelpsicologa.com.br\/blogwp\/wp-json\/wp\/v2\/comments?post=76"}],"version-history":[{"count":9,"href":"https:\/\/raquelpsicologa.com.br\/blogwp\/wp-json\/wp\/v2\/posts\/76\/revisions"}],"predecessor-version":[{"id":92,"href":"https:\/\/raquelpsicologa.com.br\/blogwp\/wp-json\/wp\/v2\/posts\/76\/revisions\/92"}],"wp:attachment":[{"href":"https:\/\/raquelpsicologa.com.br\/blogwp\/wp-json\/wp\/v2\/media?parent=76"}],"wp:term":[{"taxonomy":"category","embeddable":true,"href":"https:\/\/raquelpsicologa.com.br\/blogwp\/wp-json\/wp\/v2\/categories?post=76"},{"taxonomy":"post_tag","embeddable":true,"href":"https:\/\/raquelpsicologa.com.br\/blogwp\/wp-json\/wp\/v2\/tags?post=76"}],"curies":[{"name":"wp","href":"https:\/\/api.w.org\/{rel}","templated":true}]}}